[{"@context":"https:\/\/schema.org\/","@type":"Article","@id":"https:\/\/www.degcz.cz\/za-krtecka-muze-pouha-nahoda\/#Article","mainEntityOfPage":"https:\/\/www.degcz.cz\/za-krtecka-muze-pouha-nahoda\/","headline":"Za Krte\u010dka m\u016f\u017ee pouh\u00e1 n\u00e1hoda","name":"Za Krte\u010dka m\u016f\u017ee pouh\u00e1 n\u00e1hoda","description":"Nejprve n\u011bco m\u00e1lo o autorovi Autorem t\u00e9to obl\u00edben\u00e9 animovan\u00e9 postavi\u010dky je kladensk\u00fd rod\u00e1k Zden\u011bk Miler. Zden\u011bk Miler se narodil v \u00fanoru 1921 v Kladn\u011b \u00fa\u0159edn\u00edkovi Aloisi M\u00fcllerovi a jeho \u017een\u011b Em\u00edlii \u010cern\u00e9. Ji\u017e od ml\u00e1d\u00ed projevoval Zden\u011bk vztah k v\u00fdtvarn\u00e9mu um\u011bn\u00ed, kdy\u017e r\u00e1d kreslil obrazy slavn\u00fdch mal\u00ed\u0159\u016f, jimi\u017e dekoroval domov. Um\u011bn\u00ed cht\u011bl zasv\u011btit cel\u00fd sv\u016fj","datePublished":"2025-03-01","dateModified":"2023-05-02","author":{"@type":"Person","@id":"https:\/\/www.degcz.cz\/author\/devene\/#Person","name":"devene","url":"https:\/\/www.degcz.cz\/author\/devene\/","identifier":1,"image":{"@type":"ImageObject","@id":"https:\/\/secure.gravatar.com\/avatar\/40308b9402d145b1dc164f447b6506e9dadca8c8362c3ffb52df95e789c0fd10?s=96&d=mm&r=g","url":"https:\/\/secure.gravatar.com\/avatar\/40308b9402d145b1dc164f447b6506e9dadca8c8362c3ffb52df95e789c0fd10?s=96&d=mm&r=g","height":96,"width":96}},"publisher":{"@type":"Organization","name":"degcz.cz","logo":{"@type":"ImageObject","@id":"\/logo.png","url":"\/logo.png","width":600,"height":60}},"image":{"@type":"ImageObject","@id":"https:\/\/www.degcz.cz\/wp-content\/uploads\/img_a289291_w2205_t1500718606.png","url":"https:\/\/www.degcz.cz\/wp-content\/uploads\/img_a289291_w2205_t1500718606.png","height":0,"width":0},"url":"https:\/\/www.degcz.cz\/za-krtecka-muze-pouha-nahoda\/","wordCount":729,"articleBody":" Nejprve n\u011bco m\u00e1lo o autorovi Autorem t\u00e9to obl\u00edben\u00e9 animovan\u00e9 postavi\u010dky je kladensk\u00fd rod\u00e1k Zden\u011bk Miler. Zden\u011bk Miler se narodil v \u00fanoru 1921 v Kladn\u011b \u00fa\u0159edn\u00edkovi Aloisi M\u00fcllerovi a jeho \u017een\u011b Em\u00edlii \u010cern\u00e9. Ji\u017e od ml\u00e1d\u00ed projevoval Zden\u011bk vztah k v\u00fdtvarn\u00e9mu um\u011bn\u00ed, kdy\u017e r\u00e1d kreslil obrazy slavn\u00fdch mal\u00ed\u0159\u016f, jimi\u017e dekoroval domov. Um\u011bn\u00ed cht\u011bl zasv\u011btit cel\u00fd sv\u016fj \u017eivot a tuto kari\u00e9ru odstartoval v roce 1939, kdy se dostal na vysn\u011bnou UMPRUM.  Je\u0161t\u011b t\u00e9ho\u017e roku ale do\u0161lo k zav\u0159en\u00ed vysok\u00fdch \u0161kol N\u011bmci, a poslucha\u010di t\u011bchto \u0161kol byli nuceni odej\u00edt do zam\u011bstn\u00e1n\u00ed. Milerovi bylo nab\u00eddnuto pracovat ve filmov\u00fdch ateli\u00e9rech ve Zl\u00edn\u011b. Zden\u011bk tuto nab\u00eddku p\u0159ijal a hned m\u011bl p\u0159\u00edle\u017eitost pod\u00edlet se na sv\u00e9m prvn\u00edm filmu Po\u0161\u0165\u00e1ck\u00e1 poh\u00e1dka podle liter\u00e1rn\u00ed p\u0159edlohy Karla \u010capka. Po ukon\u010den\u00ed v\u00e1lky se Miler vr\u00e1til na studia do Prahy. V t\u00e9m\u017ee roce si tak\u00e9 zm\u011bnil p\u0159\u00edjmen\u00ed z M\u00fcllera na Miler. Po ukon\u010den\u00ed studia z\u016fstal Miler u ilustr\u00e1torsk\u00e9 \u010dinnosti, pod\u00edlel se na \u0159ad\u011b kreslen\u00fdch film\u016f. Za\u017e\u00edval tak\u00e9 mnoho \u00fasp\u011bch\u016f, asi nejv\u011bt\u0161\u00edm \u00fasp\u011bchem p\u0159ed stvo\u0159en\u00edm Krte\u010dka bylo v\u00edt\u011bzstv\u00ed v sout\u011b\u017ei o logo Kr\u00e1tk\u00e9ho filmu Praha \u2013 Brat\u0159i v triku.Jak Miler ke Krte\u010dkovi p\u0159i\u0161el Jeho v\u00fdtvarnick\u00e9 schopnosti postavily Milera p\u0159ed dal\u0161\u00ed \u00fakol \u2013 vytvo\u0159it nau\u010dnou poh\u00e1dku pro d\u011bti o v\u00fdrob\u011b pl\u00e1tna. Miler na to vzpom\u00edn\u00e1 takto: \u201eM\u011bl jsem namalovat v\u00fdrobu pl\u00e1tna a jeho zpracov\u00e1n\u00ed. Neum\u011bl jsem si p\u0159edstavit, \u017ee se d\u011bti budou s nad\u0161en\u00edm a zaujet\u00edm d\u00edvat na dosp\u011bl\u00e9 lidi u stroj\u016f, jak vyr\u00e1b\u011bj\u00ed pl\u00e1tno. Pom\u011brn\u011b brzy jsem v\u011bd\u011bl, \u017ee by figurka m\u011bla b\u00fdt ze sv\u011bta zv\u00ed\u0159at. Hledal jsem takovou, kterou Walt Disney nem\u00e1 ve sv\u00fdch filmech. \u017d\u00e1dn\u00e9 zv\u00ed\u0159\u00e1tko m\u011b nenapadalo. A tak jsem n\u011bkolik m\u011bs\u00edc\u016f chodil a vym\u00fd\u0161lel. Za\u010d\u00ednal jsem b\u00fdt zoufal\u00fd. Jednou ve\u010der, op\u011bt bez n\u00e1padu, opou\u0161t\u011bl jsem stm\u00edvaj\u00edc\u00ed se les a na louce jsem o n\u011bco zakopl a upadl jsem. Oto\u010d\u00edm se a vid\u00edm, \u017ee jsem zakopl o krtinu. N\u00e1pad tu byl. Disney nem\u00e1 krtka. Ut\u00edkal jsem dom\u016f, abych se pod\u00edval do Brehmova atlasu zv\u00ed\u0159at na krtka. V\u0161echna zv\u00ed\u0159ata tam byla tak kr\u00e1sn\u00e1, ale krtek se mu nepovedl. Je to takov\u00e1 podivn\u00e1 my\u0161 bez u\u0161\u00ed, s dlouh\u00fdm \u010dum\u00e1kem, a je\u0161t\u011b nevid\u00ed. P\u0159esto jsem se nenechal odradit a za\u010dal jsem kreslit a m\u011bnit krtka v poh\u00e1dkovou figurku. Po n\u011bkolik m\u011bs\u00edc\u016f jsem sed\u011bl denn\u011b osm hodin a neust\u00e1le jsem vylep\u0161oval sv\u016fj n\u00e1pad. Nap\u0159ed dostal krtek o\u010di, proto\u017ee figurka mus\u00ed m\u00edt o\u010di, aby \u017eila. Asi tak po p\u016fl roce st\u00e1l p\u0159ede mnou krtek, kter\u00fd nebyl anima\u010dn\u011b slo\u017eit\u00fd a dal se vyu\u017e\u00edt pro zam\u00fd\u0161len\u00fd film.\u201cA co bylo d\u00e1l? Do roku 2002, kdy ode\u0161el na penzi, vytvo\u0159il spole\u010dn\u011b s Ivanem Kl\u00edmou a Hanou Dosko\u010dilovou celkem 49 p\u0159\u00edb\u011bh\u016f o Krtkov\u00fdch dobrodru\u017estv\u00edch. B\u011bhem \u010dasu Krtek vyst\u0159\u00eddal \u0159adu zam\u011bstn\u00e1n\u00ed \u2013 byl chemikem, fotografem, hodin\u00e1\u0159em, zahradn\u00edkem atd. P\u0159ibyli mu tak\u00e9 nov\u00ed kamar\u00e1di \u2013 orel, kachna, my\u0161ka\u2026 Krtek se tak\u00e9 ocitl v roce 1966 v seri\u00e1lu ve vesm\u00edru, v roce 2011 se ve vesm\u00edru ocitl ve skute\u010dnosti, kdy\u017e se stal coby ply\u0161\u00e1k sou\u010d\u00e1st\u00ed pos\u00e1dky raketopl\u00e1nu Endeavour. Krtek b\u011bhem let tak\u00e9 oml\u00e1dl, Miler mu zkr\u00e1til nos, odstranil oc\u00e1sek a p\u0159imaloval vl\u00e1sky. Co se t\u00fd\u010de mluvy, krtek mluvil jen v prvn\u00edm filmu, v ostatn\u00edch se zvukov\u00e9 stopy omezovaly jen na \u00fadiv a sm\u00edch. Takto krte\u010dka nadabovaly Milerovy dcery.  Zden\u011bk Miler zem\u0159el na konci listopadu roku 2011 v \u00factyhodn\u00fdch devades\u00e1ti letech.                                                                                                                                                                                                                                                                                                                                                                                         4.4\/5 - (8 votes)        "},{"@context":"https:\/\/schema.org\/","@type":"BreadcrumbList","itemListElement":[{"@type":"ListItem","position":1,"name":"Za Krte\u010dka m\u016f\u017ee pouh\u00e1 n\u00e1hoda","item":"https:\/\/www.degcz.cz\/za-krtecka-muze-pouha-nahoda\/#breadcrumbitem"}]}]