[{"@context":"https:\/\/schema.org\/","@type":"Article","@id":"https:\/\/www.degcz.cz\/raz-do-roka-no-aj-tak-casto\/#Article","mainEntityOfPage":"https:\/\/www.degcz.cz\/raz-do-roka-no-aj-tak-casto\/","headline":"Raz do roka, no aj tak \u010dasto","name":"Raz do roka, no aj tak \u010dasto","description":"E\u0161te teraz si pam\u00e4t\u00e1te v\u00fdber prian\u00ed z\u00a0minul\u00e9ho roka, aj ak\u00e9 z\u00e1hyby boli na ob\u00e1lke? Ak\u00e1 zima bola vonku, ke\u010f ste vych\u00e1dzali z\u00a0auta pred po\u0161tou a\u00a0aj ko\u013eko \u013eud\u00ed st\u00e1lo pred vami v\u00a0rade pri okienku. A\u00a0zase je rok na svojom konci a pred vami stoja novoro\u010denky 2016. Kraj\u0161ie a\u00a0modernej\u0161ie, ako kedyko\u013evek predt\u00fdm! Sleduj\u00face najnov\u0161ie trendy alebo re\u0161pektuj\u00face","datePublished":"2023-12-26","dateModified":"2023-12-26","author":{"@type":"Person","@id":"https:\/\/www.degcz.cz\/author\/devene\/#Person","name":"devene","url":"https:\/\/www.degcz.cz\/author\/devene\/","identifier":1,"image":{"@type":"ImageObject","@id":"https:\/\/secure.gravatar.com\/avatar\/40308b9402d145b1dc164f447b6506e9dadca8c8362c3ffb52df95e789c0fd10?s=96&d=mm&r=g","url":"https:\/\/secure.gravatar.com\/avatar\/40308b9402d145b1dc164f447b6506e9dadca8c8362c3ffb52df95e789c0fd10?s=96&d=mm&r=g","height":96,"width":96}},"publisher":{"@type":"Organization","name":"degcz.cz","logo":{"@type":"ImageObject","@id":"\/logo.png","url":"\/logo.png","width":600,"height":60}},"url":"https:\/\/www.degcz.cz\/raz-do-roka-no-aj-tak-casto\/","wordCount":229,"articleBody":"E\u0161te teraz si pam\u00e4t\u00e1te v\u00fdber prian\u00ed z\u00a0minul\u00e9ho roka, aj ak\u00e9 z\u00e1hyby boli na ob\u00e1lke? Ak\u00e1 zima bola vonku, ke\u010f ste vych\u00e1dzali z\u00a0auta pred po\u0161tou a\u00a0aj ko\u013eko \u013eud\u00ed st\u00e1lo pred vami v\u00a0rade pri okienku. A\u00a0zase je rok na svojom konci a pred vami stoja novoro\u010denky 2016. Kraj\u0161ie a\u00a0modernej\u0161ie, ako kedyko\u013evek predt\u00fdm! Sleduj\u00face najnov\u0161ie trendy alebo re\u0161pektuj\u00face trad\u00edciu. Pre \u013eud\u00ed nad\u0161en\u00fdch do elektroniky tu m\u00e1me z\u00a0ka\u017edej \u0161abl\u00f3ny aj elektronick\u00fa verziu. Rovnako kr\u00e1snu ako tla\u010den\u00e9 priania, no adres\u00e1t ich dok\u00e1\u017ee okam\u017eite. Bez \u010dakania na po\u0161tu. Napl\u00e1nujte si poslanie presne o\u00a0polnoci a\u00a0\u017eelanie od v\u00e1s zarezonuje najviac!Osobne aj po\u0161touAko gratulujete k\u00a0nov\u00e9mu roku vy? D\u00e1te si t\u00fa n\u00e1mahu a\u00a0nav\u0161t\u00edvite rodinu aj priate\u013eov u\u017e prv\u00e9ho janu\u00e1ra, aby ste zagratulovali a\u00a0popriali ve\u013ea \u0161\u0165astia a\u00a0\u00faspechov alebo rad\u0161ej po\u0161lete novoro\u010denku? \u010co tak to skombinova\u0165? Osobne stretn\u00fa\u0165 sa ned\u00e1 so v\u0161etk\u00fdmi. No da\u0165 im najavo, \u017ee na nich mysl\u00edte je ve\u013emi \u013eahk\u00e9. Vyberte zn\u00e1mym a\u00a0rodine prevedenie, ak\u00e9 nedostan\u00fa od nikoho in\u00e9ho. Nielen v\u010faka textu, ale aj grafick\u00e9mu prevedeniu.\u00a0\u00a0                                                                                                                                                                                                                                                                                                                                                                                        4.1\/5 - (8 votes)        "},{"@context":"https:\/\/schema.org\/","@type":"BreadcrumbList","itemListElement":[{"@type":"ListItem","position":1,"name":"Raz do roka, no aj tak \u010dasto","item":"https:\/\/www.degcz.cz\/raz-do-roka-no-aj-tak-casto\/#breadcrumbitem"}]}]