[{"@context":"https:\/\/schema.org\/","@type":"Article","@id":"https:\/\/www.degcz.cz\/prukaz-energeticke-narocnosti-budov\/#Article","mainEntityOfPage":"https:\/\/www.degcz.cz\/prukaz-energeticke-narocnosti-budov\/","headline":"Pr\u016fkaz energetick\u00e9 n\u00e1ro\u010dnosti budov","name":"Pr\u016fkaz energetick\u00e9 n\u00e1ro\u010dnosti budov","description":"To je \u0161t\u00edtek, kter\u00fd obsahuje ve\u0161ker\u00e9 d\u016fle\u017eit\u00e9 informace, kter\u00e9 ka\u017ed\u00e9mu \u0159eknou, jak na tom ta \u010di ona budova je. Je to d\u016fle\u017eit\u00e9 jak pro prod\u00e1vaj\u00edc\u00edho, tak pro kupuj\u00edc\u00edho. A koneckonc\u016f tak\u00e9 pro ty, kte\u0159\u00ed v budov\u011b \u017eij\u00ed. Ka\u017ed\u00fd p\u0159eci chce \u017e\u00edt v dom\u011b, kter\u00fd je co nejm\u00e9n\u011b n\u00e1ro\u010dn\u00fd, proto\u017ee to pro n\u011bj znamen\u00e1, \u017ee u\u0161et\u0159\u00ed","datePublished":"2025-04-24","dateModified":"2025-04-24","author":{"@type":"Person","@id":"https:\/\/www.degcz.cz\/author\/devene\/#Person","name":"devene","url":"https:\/\/www.degcz.cz\/author\/devene\/","identifier":1,"image":{"@type":"ImageObject","@id":"https:\/\/secure.gravatar.com\/avatar\/40308b9402d145b1dc164f447b6506e9dadca8c8362c3ffb52df95e789c0fd10?s=96&d=mm&r=g","url":"https:\/\/secure.gravatar.com\/avatar\/40308b9402d145b1dc164f447b6506e9dadca8c8362c3ffb52df95e789c0fd10?s=96&d=mm&r=g","height":96,"width":96}},"publisher":{"@type":"Organization","name":"degcz.cz","logo":{"@type":"ImageObject","@id":"\/logo.png","url":"\/logo.png","width":600,"height":60}},"url":"https:\/\/www.degcz.cz\/prukaz-energeticke-narocnosti-budov\/","wordCount":161,"articleBody":"To je \u0161t\u00edtek, kter\u00fd obsahuje ve\u0161ker\u00e9 d\u016fle\u017eit\u00e9 informace, kter\u00e9 ka\u017ed\u00e9mu \u0159eknou, jak na tom ta \u010di ona budova je. Je to d\u016fle\u017eit\u00e9 jak pro prod\u00e1vaj\u00edc\u00edho, tak pro kupuj\u00edc\u00edho. A koneckonc\u016f tak\u00e9 pro ty, kte\u0159\u00ed v budov\u011b \u017eij\u00ed. Ka\u017ed\u00fd p\u0159eci chce \u017e\u00edt v dom\u011b, kter\u00fd je co nejm\u00e9n\u011b n\u00e1ro\u010dn\u00fd, proto\u017ee to pro n\u011bj znamen\u00e1, \u017ee u\u0161et\u0159\u00ed za \u00fa\u010dty na vyt\u00e1p\u011bn\u00ed. A to v dne\u0161n\u00ed dob\u011b jsou \u010d\u00e1stky vskutku nemal\u00e9. Proto V\u00e1m nab\u00edz\u00edme Pr\u016fkaz energetick\u00e9 n\u00e1ro\u010dnosti budov. Za\u0159i\u010fte si \u0161t\u00edtek je\u0161t\u011b dnes Za\u0159i\u010fte si energetick\u00fd \u0161t\u00edtek je\u0161t\u011b dnes, a\u0165 m\u00e1te o starost m\u00e9n\u011b a a\u0165 hned v\u00edte, jak na tom Va\u0161e nemovitost \u010di nemovitosti jsou. Nab\u00edz\u00edme pr\u016fkaz energetick\u00e9 n\u00e1ro\u010dnosti budov, kter\u00fd jist\u011b ocen\u00edte i Vy.                                                                                                                                                                                                                                                                                                                                                                                                "},{"@context":"https:\/\/schema.org\/","@type":"BreadcrumbList","itemListElement":[{"@type":"ListItem","position":1,"name":"Pr\u016fkaz energetick\u00e9 n\u00e1ro\u010dnosti budov","item":"https:\/\/www.degcz.cz\/prukaz-energeticke-narocnosti-budov\/#breadcrumbitem"}]}]