[{"@context":"https:\/\/schema.org\/","@type":"Article","@id":"https:\/\/www.degcz.cz\/pocitat-a-povinne-vsichni\/#Article","mainEntityOfPage":"https:\/\/www.degcz.cz\/pocitat-a-povinne-vsichni\/","headline":"Po\u010d\u00edtat! A povinn\u011b! V\u0161ichni!","name":"Po\u010d\u00edtat! A povinn\u011b! V\u0161ichni!","description":"P\u0159ed t\u0159emi lety se v Poslaneck\u00e9 sn\u011bmovn\u011b hlasovalo o tom, zda m\u00e1 b\u00fdt maturita z matematiky povinn\u00e1. P\u0159ed hlasov\u00e1n\u00edm prob\u00edhaly diskuze na toto t\u00e9ma n\u011bkolik m\u011bs\u00edc\u016f. Z\u00e1kon nakonec byl odhlasov\u00e1n a pro\u0161el. Od roku 2021 se tedy budou maturanti v ka\u017ed\u00e9m p\u0159\u00edpad\u011b s maturitou z matematiky poprat, a to nejen na lyce\u00edch a gymn\u00e1zi\u00edch, ale","datePublished":"2019-05-17","dateModified":"2023-05-02","author":{"@type":"Person","@id":"https:\/\/www.degcz.cz\/author\/devene\/#Person","name":"devene","url":"https:\/\/www.degcz.cz\/author\/devene\/","identifier":1,"image":{"@type":"ImageObject","@id":"https:\/\/secure.gravatar.com\/avatar\/40308b9402d145b1dc164f447b6506e9dadca8c8362c3ffb52df95e789c0fd10?s=96&d=mm&r=g","url":"https:\/\/secure.gravatar.com\/avatar\/40308b9402d145b1dc164f447b6506e9dadca8c8362c3ffb52df95e789c0fd10?s=96&d=mm&r=g","height":96,"width":96}},"publisher":{"@type":"Organization","name":"degcz.cz","logo":{"@type":"ImageObject","@id":"\/logo.png","url":"\/logo.png","width":600,"height":60}},"image":{"@type":"ImageObject","@id":"https:\/\/www.degcz.cz\/wp-content\/uploads\/img_a345487_w1947_t1559159414.jpg","url":"https:\/\/www.degcz.cz\/wp-content\/uploads\/img_a345487_w1947_t1559159414.jpg","height":0,"width":0},"url":"https:\/\/www.degcz.cz\/pocitat-a-povinne-vsichni\/","about":["Vzd\u011bl\u00e1n\u00ed"],"wordCount":443,"articleBody":"P\u0159ed t\u0159emi lety se v Poslaneck\u00e9 sn\u011bmovn\u011b hlasovalo o tom, zda m\u00e1 b\u00fdt maturita z matematiky povinn\u00e1. P\u0159ed hlasov\u00e1n\u00edm prob\u00edhaly diskuze na toto t\u00e9ma n\u011bkolik m\u011bs\u00edc\u016f. Z\u00e1kon nakonec byl odhlasov\u00e1n a pro\u0161el. Od roku 2021 se tedy budou maturanti v ka\u017ed\u00e9m p\u0159\u00edpad\u011b s maturitou z matematiky poprat, a to nejen na lyce\u00edch a gymn\u00e1zi\u00edch, ale od roku 2022 tak\u00e9 na st\u0159edn\u00edch odborn\u00fdch \u0161kol\u00e1ch. P\u0159esto st\u00e1le vyvst\u00e1v\u00e1 n\u00e1zor velk\u00e9 \u0159\u00e1dky poslanc\u016f, \u017ee povinn\u00e1 matematika by prost\u011b m\u011bla b\u00fdt odlo\u017eena, dokud se nevy\u0159e\u0161\u00ed v\u0161echno, co se k tomu vztahuje.\tTato povinn\u00e1 zkou\u0161ka stra\u0161\u00ed tedy nejen studenty a u\u010ditele, ale tak\u00e9 poslance, proto\u017ee podle v\u0161eho nen\u00ed dostate\u010dn\u011b p\u0159ipravena pro re\u00e1ln\u00e9 pou\u017eit\u00ed. V\u011bt\u0161ina poslanc\u016f, kte\u0159\u00ed jsou proti povinn\u00e9 zkou\u0161ce toti\u017e tvrd\u00ed, \u017ee by se m\u011bl probl\u00e9m ve \u0161kolstv\u00ed \u0159e\u0161it tak, \u017ee se nejprve uprav\u00ed samo vzd\u011bl\u00e1v\u00e1n\u00ed, a pak se m\u016f\u017ee zav\u00e1d\u011bt n\u011bjak\u00e9 p\u0159\u00edsn\u011bj\u0161\u00ed zkou\u0161en\u00ed a testov\u00e1n\u00ed. Nap\u0159\u00edklad podle Petra Fialy za ODS je jasn\u00e9, \u017ee zp\u0159\u00edsn\u011bn\u00ed z\u00e1v\u011bre\u010dn\u00e9 zkou\u0161ky bude kontraproduktivn\u00ed. Ji\u017e nyn\u00ed toti\u017e v\u00fdsledky \u0159\u00edkaj\u00ed, \u017ee je velk\u00e9 procento opakovan\u011b ne\u00fasp\u011b\u0161n\u00fdch student\u016f v t\u00e9to zkou\u0161ce, a to st\u00e1le v moment\u011b, kdy je matematika\u00a0 po\u0159\u00e1d je\u0161t\u011b pouze voliteln\u00fdm p\u0159edm\u011btem.\tKate\u0159ina Valachov\u00e1 za \u010cSSD, tedy ex-ministryn\u011b \u0161kolstv\u00ed, uvedla, \u017ee prosadila tuto zkou\u0161ku pr\u00e1v\u011b proto, \u017ee ministerstvo nest\u00edh\u00e1 zav\u00e1d\u011bt opat\u0159en\u00ed, kter\u00e9 by m\u011blo zaveden\u00ed zkou\u0161ky p\u0159edch\u00e1zet. St\u00e1le v\u0161ak je p\u0159esv\u011bd\u010dena o tom, \u017ee se \u00fapravy stihnou p\u0159ipravit a studenti budou \u0159\u00e1dn\u011b p\u0159ipraveni.\tCel\u00e1 tato kauza m\u00e1 v\u0161ak ji\u017e nyn\u00ed dopad na st\u00e1tn\u00ed z\u00e1v\u011bre\u010dn\u00e9 zkou\u0161ky v tom smyslu, \u017ee tento zat\u00edm nepovinn\u00fd p\u0159edm\u011bt si studenti vyb\u00edraj\u00ed st\u00e1le m\u00e9n\u011b a m\u00e9n\u011b. P\u0159i spu\u0161t\u011bn\u00ed st\u00e1tn\u00edch maturit si tento p\u0159edm\u011bt zvolilo 43,9 procenta student\u016f. Psal se rok 2012. V leto\u0161n\u00edm roce se k t\u00e9to zkou\u0161ce p\u0159ihl\u00e1sil ji\u017e jen 21,4 procenta studuj\u00edc\u00edch.\t\tKa\u017edoro\u010dn\u011b z p\u0159ihl\u00e1\u0161en\u00fdch na prvn\u00ed pokus neprojde kolem 20 procent.\tZ dal\u0161\u00edch voliteln\u00fdch p\u0159edm\u011bt\u016f pak jednozna\u010dn\u011b ale vede angli\u010dtina, u kter\u00e9 v prvn\u00edm term\u00ednu neusp\u011bje pouze 6,2 procenta d\u011bt\u00ed.                                                                                                                                                                                                                                                                                                                                                                                        4.5\/5 - (6 votes)        "},{"@context":"https:\/\/schema.org\/","@type":"BreadcrumbList","itemListElement":[{"@type":"ListItem","position":1,"name":"Po\u010d\u00edtat! A povinn\u011b! V\u0161ichni!","item":"https:\/\/www.degcz.cz\/pocitat-a-povinne-vsichni\/#breadcrumbitem"}]}]