[{"@context":"https:\/\/schema.org\/","@type":"Article","@id":"https:\/\/www.degcz.cz\/nezbytny-mobil\/#Article","mainEntityOfPage":"https:\/\/www.degcz.cz\/nezbytny-mobil\/","headline":"Nezbytn\u00fd mobil","name":"Nezbytn\u00fd mobil","description":"Jako d\u00edt\u011b jsem si velmi p\u0159\u00e1la mobiln\u00ed telefon, proto\u017ee moji rodi\u010de oba dva u\u017e m\u011bli n\u011bjak\u00fd mobil, kter\u00fd jsem jim velmi z\u00e1vid\u011bla. V\u00edm, z\u00e1vist je velmi \u0161patn\u00e1 v\u011bc, ale j\u00e1 jsme si nemohla bohu\u017eel n\u011bjak pomoct. A nen\u00ed se \u010demu divit. Proto\u017ee moje sest\u0159enice u\u017e m\u011bla sv\u016fj vlastn\u00ed mobiln\u00ed telefon. Ani nev\u00edte, jak m\u011b to","datePublished":"2022-04-22","dateModified":"2023-05-02","author":{"@type":"Person","@id":"https:\/\/www.degcz.cz\/author\/devene\/#Person","name":"devene","url":"https:\/\/www.degcz.cz\/author\/devene\/","identifier":1,"image":{"@type":"ImageObject","@id":"https:\/\/secure.gravatar.com\/avatar\/40308b9402d145b1dc164f447b6506e9dadca8c8362c3ffb52df95e789c0fd10?s=96&d=mm&r=g","url":"https:\/\/secure.gravatar.com\/avatar\/40308b9402d145b1dc164f447b6506e9dadca8c8362c3ffb52df95e789c0fd10?s=96&d=mm&r=g","height":96,"width":96}},"publisher":{"@type":"Organization","name":"degcz.cz","logo":{"@type":"ImageObject","@id":"\/logo.png","url":"\/logo.png","width":600,"height":60}},"image":{"@type":"ImageObject","@id":"https:\/\/www.degcz.cz\/wp-content\/uploads\/iphone-518101_960_720.jpg","url":"https:\/\/www.degcz.cz\/wp-content\/uploads\/iphone-518101_960_720.jpg","height":0,"width":0},"url":"https:\/\/www.degcz.cz\/nezbytny-mobil\/","about":["Mobil"],"wordCount":428,"articleBody":"Jako d\u00edt\u011b jsem si velmi p\u0159\u00e1la mobiln\u00ed telefon, proto\u017ee moji rodi\u010de oba dva u\u017e m\u011bli n\u011bjak\u00fd mobil, kter\u00fd jsem jim velmi z\u00e1vid\u011bla. V\u00edm, z\u00e1vist je velmi \u0161patn\u00e1 v\u011bc, ale j\u00e1 jsme si nemohla bohu\u017eel n\u011bjak pomoct. A nen\u00ed se \u010demu divit. Proto\u017ee moje sest\u0159enice u\u017e m\u011bla sv\u016fj vlastn\u00ed mobiln\u00ed telefon. Ani nev\u00edte, jak m\u011b to mrzelo a jak jsem si st\u00e1le cht\u011bla hr\u00e1t s jej\u00edm mobiln\u00edm telefonem. Jenom\u017ee samoz\u0159ejm\u011b mi ten sv\u016fj mobil nep\u016fj\u010dila. M\u011bla to asi zak\u00e1zan\u00e9 od rodi\u010d\u016f. Proto\u017ee se j\u00ed u\u017e stalo, \u017ee se j\u00ed jednou mobil rozbil. Tak\u017ee j\u00ed ho museli opravovat. A j\u00e1 jsem byla z toho velmi ne\u0161\u0165astn\u00e1, proto\u017ee jsem taky cht\u011bla mobiln\u00ed telefon. Jenom\u017ee jsem ale m\u011bla sm\u016flu. A v\u00edte jakou? Proto\u017ee m\u00e1m je\u0161t\u011b dva sourozence a maminka mi \u0159ekla, \u017ee kdyby koupila mobil m\u011b, tak bylo musela koupit taky ostatn\u00edm d\u011btem. To ch\u00e1pu, je to zcela logick\u00e9. Proto m\u00e1m jenom jedno d\u00edt\u011b.J\u00e1 m\u00e1m jedno d\u00edt\u011b, proto\u017ee mu chci taky dop\u0159\u00e1t opravdu toho hodn\u011b. A nev\u00edm, jestli je to sobeck\u00e9. Mysl\u00edte si, \u017ee to sobeck\u00e9? J\u00e1 si mysl\u00edm, \u017ee nen\u00ed. Proto\u017ee pokud m\u00e1m jenom jedno d\u00edt\u011b, tak mu m\u016f\u017eu dop\u0159\u00e1t opravdu v\u00edce v\u011bc\u00ed, ne\u017e kdybych m\u011bla v\u00edce d\u011bti. Tak\u017ee j\u00e1 u\u017e to zn\u00e1m, proto\u017ee jako d\u00edt\u011b jsem cht\u011bla mobil ale kv\u016fli tomu, \u017ee jsem m\u011bla sourozence, jsem ho nedostala. Opravdu m\u011b to moc mrzelo, tak\u017ee nechci, aby moje d\u00edt\u011b taky n\u011bjak trp\u011blo. Dne\u0161n\u00ed doba je bohu\u017eel moc tvrd\u00e1 a ka\u017ed\u00fd \u010dlov\u011bk mus\u00ed\u00a0hodn\u011b\u00a0\u0161et\u0159it, proto\u017ee\u00a0se v\u0161echno\u00a0zdra\u017euje. Dok\u00e1\u017eete si p\u0159edstavit, \u017ee bych\u00a0jako\u00a0matka\u00a0samo\u017eivitelka\u00a0m\u011bla kupovat t\u0159eba t\u0159i\u00a0mobily\u00a0nebo\u00a0va\u0159it\u00a0j\u00eddla? To bych se\u00a0asi\u00a0nedoplatila, musel abych vyhr\u00e1t asi\u00a0n\u011bjakou\u00a0vysokou \u010d\u00e1stku. Nicm\u00e9n\u011b ale v\u00edm, \u017ee mobil\u016fm bych se\u00a0nevyhnula. Mobil je toti\u017e u\u017e tak\u00a0samoz\u0159ejm\u011b\u00a0a\u00a0jasn\u00e1\u00a0v\u011bc, \u017ee ho m\u00e1 opravdu ka\u017ed\u00fd. Tak\u017ee moje d\u011bti by tedy jist\u011b nebyly v\u00fdjimkou. A co si mysl\u00edte o mobilech vy? N\u011bkdo nem\u00e1 r\u00e1d, kdy\u017e maj\u00ed t\u0159eba d\u011bti mobil.                                                                                                                                                                                                                                                                                                                                                                                        3.5\/5 - (8 votes)        "},{"@context":"https:\/\/schema.org\/","@type":"BreadcrumbList","itemListElement":[{"@type":"ListItem","position":1,"name":"Nezbytn\u00fd mobil","item":"https:\/\/www.degcz.cz\/nezbytny-mobil\/#breadcrumbitem"}]}]